{"id":10067,"date":"2024-06-21T00:00:00","date_gmt":"2024-06-20T22:00:00","guid":{"rendered":"https:\/\/cncbarcenas.com\/francisco-barcenas-civil-merit-medal\/"},"modified":"2025-11-24T14:51:58","modified_gmt":"2025-11-24T13:51:58","slug":"francisco-barcenas-civil-merit-medal","status":"publish","type":"post","link":"https:\/\/cncbarcenas.com\/en\/francisco-barcenas-civil-merit-medal\/","title":{"rendered":"Francisco B\u00e1rcenas, civil merit medal"},"content":{"rendered":"\n<p>On June 19, at the Royal Palace of Madrid, Their Majesties the Kings accompanied by Their Royal Highnesses the Princess of Asturias and the Infanta Do\u00f1a Sof\u00eda, on the occasion of the 10th anniversary of the proclamation of His Majesty the King, carried out the imposition of the decorations of the Order of Civil Merit, as recognition by the Crown to those who carry out their life and ordinary professional work in an exemplary manner, at the service of society.<br>Our technical director, Francisco B\u00e1rcenas, received the civil merit award for our contribution to today&#8217;s society, as an example to follow for all Spaniards.<br>This award recognizes our exemplary contribution to technological development, and specifically, to the field of large format 3D printing, which began in 2014 when we designed and manufactured our first 3D printer, Discovery 3D Printer.<br>Constant work, research and development have made our 3D printers a reference not only nationally, but also internationally, with a multitude of systems installed in countries such as Canada, Germany, France, Italy, Finland and Holland, among others.<br>From CNC B\u00e1rcenas and our 3D printing division, Discovery 3D Printer, we want to express our deep gratitude for this recognition to their Majesties the Kings of Spain.<br>We leave you a video of the event:<\/p>\n\n\n\n<figure data-wp-context=\"{&quot;imageId&quot;:&quot;69f3c9fe32bfb&quot;}\" data-wp-interactive=\"core\/image\" data-wp-key=\"69f3c9fe32bfb\" class=\"wp-block-image size-large wp-lightbox-container\"><img decoding=\"async\" data-wp-class--hide=\"state.isContentHidden\" data-wp-class--show=\"state.isContentVisible\" data-wp-init=\"callbacks.setButtonStyles\" data-wp-on--click=\"actions.showLightbox\" data-wp-on--load=\"callbacks.setButtonStyles\" data-wp-on-window--resize=\"callbacks.setButtonStyles\" src=\"https:\/\/cncbarcenas.com\/wp-content\/uploads\/2025\/10\/02b-1-1.jpg\" alt=\"\" class=\"wp-image-9619\"\/><button\n\t\t\tclass=\"lightbox-trigger\"\n\t\t\ttype=\"button\"\n\t\t\taria-haspopup=\"dialog\"\n\t\t\taria-label=\"Enlarge\"\n\t\t\tdata-wp-init=\"callbacks.initTriggerButton\"\n\t\t\tdata-wp-on--click=\"actions.showLightbox\"\n\t\t\tdata-wp-style--right=\"state.imageButtonRight\"\n\t\t\tdata-wp-style--top=\"state.imageButtonTop\"\n\t\t>\n\t\t\t<svg xmlns=\"http:\/\/www.w3.org\/2000\/svg\" width=\"12\" height=\"12\" fill=\"none\" viewBox=\"0 0 12 12\">\n\t\t\t\t<path fill=\"#fff\" d=\"M2 0a2 2 0 0 0-2 2v2h1.5V2a.5.5 0 0 1 .5-.5h2V0H2Zm2 10.5H2a.5.5 0 0 1-.5-.5V8H0v2a2 2 0 0 0 2 2h2v-1.5ZM8 12v-1.5h2a.5.5 0 0 0 .5-.5V8H12v2a2 2 0 0 1-2 2H8Zm2-12a2 2 0 0 1 2 2v2h-1.5V2a.5.5 0 0 0-.5-.5H8V0h2Z\" \/>\n\t\t\t<\/svg>\n\t\t<\/button><\/figure>\n\n\n\n<figure class=\"wp-block-gallery has-nested-images columns-default is-cropped wp-block-gallery-1 is-layout-flex wp-block-gallery-is-layout-flex\">\n<figure class=\"wp-block-image size-large\"><img decoding=\"async\" data-id=\"9621\" src=\"https:\/\/cncbarcenas.com\/wp-content\/uploads\/2025\/10\/03-1-2-scaled.jpg\" alt=\"\" class=\"wp-image-9621\"\/><\/figure>\n\n\n\n<figure class=\"wp-block-image size-large\"><img decoding=\"async\" data-id=\"9622\" src=\"https:\/\/cncbarcenas.com\/wp-content\/uploads\/2025\/10\/05-1-2-scaled.jpg\" alt=\"\" class=\"wp-image-9622\"\/><\/figure>\n<\/figure>\n\n\n\n<figure class=\"wp-block-embed is-type-video is-provider-youtube wp-block-embed-youtube wp-embed-aspect-16-9 wp-has-aspect-ratio\"><div class=\"wp-block-embed__wrapper\">\n<iframe title=\"CNC B\u00c1RCENAS CONDECORACI\u00d3N REAL ORDEN DEL M\u00c9RITO CIVIL - NOTICIA INFORMATIVOS 19\/06\/2024\" width=\"800\" height=\"450\" src=\"https:\/\/www.youtube.com\/embed\/B2bDnBWhbQg?feature=oembed\" frameborder=\"0\" allow=\"accelerometer; autoplay; clipboard-write; encrypted-media; gyroscope; picture-in-picture; web-share\" referrerpolicy=\"strict-origin-when-cross-origin\" allowfullscreen><\/iframe>\n<\/div><\/figure>\n","protected":false},"excerpt":{"rendered":"<p>On June 19, at the Royal Palace of Madrid, Their Majesties the Kings accompanied by Their Royal Highnesses the Princess of Asturias and the Infanta Do\u00f1a Sof\u00eda, on the occasion of the 10th anniversary of the proclamation of His Majesty the King, carried out the imposition of the decorations of the Order of Civil Merit, [&hellip;]<\/p>\n","protected":false},"author":3,"featured_media":10072,"comment_status":"open","ping_status":"open","sticky":false,"template":"","format":"standard","meta":{"_acf_changed":false,"footnotes":""},"categories":[106],"tags":[],"class_list":["post-10067","post","type-post","status-publish","format-standard","has-post-thumbnail","hentry","category-news-en"],"acf":[],"yoast_head":"<!-- This site is optimized with the Yoast SEO plugin v27.0 - https:\/\/yoast.com\/product\/yoast-seo-wordpress\/ -->\n<title>Francisco B\u00e1rcenas, civil merit medal - CNC B\u00e1rcenas<\/title>\n<meta name=\"robots\" content=\"index, follow, max-snippet:-1, max-image-preview:large, max-video-preview:-1\" \/>\n<link rel=\"canonical\" href=\"https:\/\/cncbarcenas.com\/en\/francisco-barcenas-civil-merit-medal\/\" \/>\n<meta property=\"og:locale\" content=\"en_US\" \/>\n<meta property=\"og:type\" content=\"article\" \/>\n<meta property=\"og:title\" content=\"Francisco B\u00e1rcenas, civil merit medal - CNC B\u00e1rcenas\" \/>\n<meta property=\"og:description\" content=\"On June 19, at the Royal Palace of Madrid, Their Majesties the Kings accompanied by Their Royal Highnesses the Princess of Asturias and the Infanta Do\u00f1a Sof\u00eda, on the occasion of the 10th anniversary of the proclamation of His Majesty the King, carried out the imposition of the decorations of the Order of Civil Merit, [&hellip;]\" \/>\n<meta property=\"og:url\" content=\"https:\/\/cncbarcenas.com\/en\/francisco-barcenas-civil-merit-medal\/\" \/>\n<meta property=\"og:site_name\" content=\"CNC B\u00e1rcenas\" \/>\n<meta property=\"article:published_time\" content=\"2024-06-20T22:00:00+00:00\" \/>\n<meta property=\"article:modified_time\" content=\"2025-11-24T13:51:58+00:00\" \/>\n<meta property=\"og:image\" content=\"https:\/\/cncbarcenas.com\/wp-content\/uploads\/2025\/10\/francisco-barcenas-civil-merit-medal.jpg\" \/>\n\t<meta property=\"og:image:width\" content=\"720\" \/>\n\t<meta property=\"og:image:height\" content=\"300\" \/>\n\t<meta property=\"og:image:type\" content=\"image\/jpeg\" \/>\n<meta name=\"author\" content=\"soporte\" \/>\n<meta name=\"twitter:card\" content=\"summary_large_image\" \/>\n<meta name=\"twitter:label1\" content=\"Written by\" \/>\n\t<meta name=\"twitter:data1\" content=\"soporte\" \/>\n\t<meta name=\"twitter:label2\" content=\"Est. reading time\" \/>\n\t<meta name=\"twitter:data2\" content=\"2 minutes\" \/>\n<script type=\"application\/ld+json\" class=\"yoast-schema-graph\">{\"@context\":\"https:\/\/schema.org\",\"@graph\":[{\"@type\":\"Article\",\"@id\":\"https:\/\/cncbarcenas.com\/en\/francisco-barcenas-civil-merit-medal\/#article\",\"isPartOf\":{\"@id\":\"https:\/\/cncbarcenas.com\/en\/francisco-barcenas-civil-merit-medal\/\"},\"author\":{\"name\":\"soporte\",\"@id\":\"https:\/\/cncbarcenas.com\/en\/#\/schema\/person\/5428d3aaaf6ca5c1966d89a87981def3\"},\"headline\":\"Francisco B\u00e1rcenas, civil merit medal\",\"datePublished\":\"2024-06-20T22:00:00+00:00\",\"dateModified\":\"2025-11-24T13:51:58+00:00\",\"mainEntityOfPage\":{\"@id\":\"https:\/\/cncbarcenas.com\/en\/francisco-barcenas-civil-merit-medal\/\"},\"wordCount\":229,\"commentCount\":0,\"publisher\":{\"@id\":\"https:\/\/cncbarcenas.com\/en\/#organization\"},\"image\":{\"@id\":\"https:\/\/cncbarcenas.com\/en\/francisco-barcenas-civil-merit-medal\/#primaryimage\"},\"thumbnailUrl\":\"https:\/\/cncbarcenas.com\/wp-content\/uploads\/2025\/10\/francisco-barcenas-civil-merit-medal.jpg\",\"articleSection\":[\"News\"],\"inLanguage\":\"en-US\",\"potentialAction\":[{\"@type\":\"CommentAction\",\"name\":\"Comment\",\"target\":[\"https:\/\/cncbarcenas.com\/en\/francisco-barcenas-civil-merit-medal\/#respond\"]}]},{\"@type\":\"WebPage\",\"@id\":\"https:\/\/cncbarcenas.com\/en\/francisco-barcenas-civil-merit-medal\/\",\"url\":\"https:\/\/cncbarcenas.com\/en\/francisco-barcenas-civil-merit-medal\/\",\"name\":\"Francisco B\u00e1rcenas, civil merit medal - CNC B\u00e1rcenas\",\"isPartOf\":{\"@id\":\"https:\/\/cncbarcenas.com\/en\/#website\"},\"primaryImageOfPage\":{\"@id\":\"https:\/\/cncbarcenas.com\/en\/francisco-barcenas-civil-merit-medal\/#primaryimage\"},\"image\":{\"@id\":\"https:\/\/cncbarcenas.com\/en\/francisco-barcenas-civil-merit-medal\/#primaryimage\"},\"thumbnailUrl\":\"https:\/\/cncbarcenas.com\/wp-content\/uploads\/2025\/10\/francisco-barcenas-civil-merit-medal.jpg\",\"datePublished\":\"2024-06-20T22:00:00+00:00\",\"dateModified\":\"2025-11-24T13:51:58+00:00\",\"breadcrumb\":{\"@id\":\"https:\/\/cncbarcenas.com\/en\/francisco-barcenas-civil-merit-medal\/#breadcrumb\"},\"inLanguage\":\"en-US\",\"potentialAction\":[{\"@type\":\"ReadAction\",\"target\":[\"https:\/\/cncbarcenas.com\/en\/francisco-barcenas-civil-merit-medal\/\"]}]},{\"@type\":\"ImageObject\",\"inLanguage\":\"en-US\",\"@id\":\"https:\/\/cncbarcenas.com\/en\/francisco-barcenas-civil-merit-medal\/#primaryimage\",\"url\":\"https:\/\/cncbarcenas.com\/wp-content\/uploads\/2025\/10\/francisco-barcenas-civil-merit-medal.jpg\",\"contentUrl\":\"https:\/\/cncbarcenas.com\/wp-content\/uploads\/2025\/10\/francisco-barcenas-civil-merit-medal.jpg\",\"width\":720,\"height\":300,\"caption\":\"francisco barcenas civil merit medal\"},{\"@type\":\"BreadcrumbList\",\"@id\":\"https:\/\/cncbarcenas.com\/en\/francisco-barcenas-civil-merit-medal\/#breadcrumb\",\"itemListElement\":[{\"@type\":\"ListItem\",\"position\":1,\"name\":\"Inicio \/\",\"item\":\"https:\/\/cncbarcenas.com\/en\/\"},{\"@type\":\"ListItem\",\"position\":2,\"name\":\"Francisco B\u00e1rcenas, civil merit medal\"}]},{\"@type\":\"WebSite\",\"@id\":\"https:\/\/cncbarcenas.com\/en\/#website\",\"url\":\"https:\/\/cncbarcenas.com\/en\/\",\"name\":\"CNC B\u00e1rcenas\",\"description\":\"\",\"publisher\":{\"@id\":\"https:\/\/cncbarcenas.com\/en\/#organization\"},\"potentialAction\":[{\"@type\":\"SearchAction\",\"target\":{\"@type\":\"EntryPoint\",\"urlTemplate\":\"https:\/\/cncbarcenas.com\/en\/?s={search_term_string}\"},\"query-input\":{\"@type\":\"PropertyValueSpecification\",\"valueRequired\":true,\"valueName\":\"search_term_string\"}}],\"inLanguage\":\"en-US\"},{\"@type\":\"Organization\",\"@id\":\"https:\/\/cncbarcenas.com\/en\/#organization\",\"name\":\"CNC B\u00e1rcenas\",\"url\":\"https:\/\/cncbarcenas.com\/en\/\",\"logo\":{\"@type\":\"ImageObject\",\"inLanguage\":\"en-US\",\"@id\":\"https:\/\/cncbarcenas.com\/en\/#\/schema\/logo\/image\/\",\"url\":\"https:\/\/cncbarcenas.com\/wp-content\/uploads\/2023\/12\/1da95f3196cdf76e8c1d1d1eef5db433705eb332.png\",\"contentUrl\":\"https:\/\/cncbarcenas.com\/wp-content\/uploads\/2023\/12\/1da95f3196cdf76e8c1d1d1eef5db433705eb332.png\",\"width\":2000,\"height\":533,\"caption\":\"CNC B\u00e1rcenas\"},\"image\":{\"@id\":\"https:\/\/cncbarcenas.com\/en\/#\/schema\/logo\/image\/\"}},{\"@type\":\"Person\",\"@id\":\"https:\/\/cncbarcenas.com\/en\/#\/schema\/person\/5428d3aaaf6ca5c1966d89a87981def3\",\"name\":\"soporte\",\"image\":{\"@type\":\"ImageObject\",\"inLanguage\":\"en-US\",\"@id\":\"https:\/\/cncbarcenas.com\/en\/#\/schema\/person\/image\/\",\"url\":\"https:\/\/secure.gravatar.com\/avatar\/5f239f928bfbb035eac46db700ceb85b30db08f4f692f37a91e7ada3e07dd3f7?s=96&d=mm&r=g\",\"contentUrl\":\"https:\/\/secure.gravatar.com\/avatar\/5f239f928bfbb035eac46db700ceb85b30db08f4f692f37a91e7ada3e07dd3f7?s=96&d=mm&r=g\",\"caption\":\"soporte\"}}]}<\/script>\n<!-- \/ Yoast SEO plugin. -->","yoast_head_json":{"title":"Francisco B\u00e1rcenas, civil merit medal - CNC B\u00e1rcenas","robots":{"index":"index","follow":"follow","max-snippet":"max-snippet:-1","max-image-preview":"max-image-preview:large","max-video-preview":"max-video-preview:-1"},"canonical":"https:\/\/cncbarcenas.com\/en\/francisco-barcenas-civil-merit-medal\/","og_locale":"en_US","og_type":"article","og_title":"Francisco B\u00e1rcenas, civil merit medal - CNC B\u00e1rcenas","og_description":"On June 19, at the Royal Palace of Madrid, Their Majesties the Kings accompanied by Their Royal Highnesses the Princess of Asturias and the Infanta Do\u00f1a Sof\u00eda, on the occasion of the 10th anniversary of the proclamation of His Majesty the King, carried out the imposition of the decorations of the Order of Civil Merit, [&hellip;]","og_url":"https:\/\/cncbarcenas.com\/en\/francisco-barcenas-civil-merit-medal\/","og_site_name":"CNC B\u00e1rcenas","article_published_time":"2024-06-20T22:00:00+00:00","article_modified_time":"2025-11-24T13:51:58+00:00","og_image":[{"width":720,"height":300,"url":"https:\/\/cncbarcenas.com\/wp-content\/uploads\/2025\/10\/francisco-barcenas-civil-merit-medal.jpg","type":"image\/jpeg"}],"author":"soporte","twitter_card":"summary_large_image","twitter_misc":{"Written by":"soporte","Est. reading time":"2 minutes"},"schema":{"@context":"https:\/\/schema.org","@graph":[{"@type":"Article","@id":"https:\/\/cncbarcenas.com\/en\/francisco-barcenas-civil-merit-medal\/#article","isPartOf":{"@id":"https:\/\/cncbarcenas.com\/en\/francisco-barcenas-civil-merit-medal\/"},"author":{"name":"soporte","@id":"https:\/\/cncbarcenas.com\/en\/#\/schema\/person\/5428d3aaaf6ca5c1966d89a87981def3"},"headline":"Francisco B\u00e1rcenas, civil merit medal","datePublished":"2024-06-20T22:00:00+00:00","dateModified":"2025-11-24T13:51:58+00:00","mainEntityOfPage":{"@id":"https:\/\/cncbarcenas.com\/en\/francisco-barcenas-civil-merit-medal\/"},"wordCount":229,"commentCount":0,"publisher":{"@id":"https:\/\/cncbarcenas.com\/en\/#organization"},"image":{"@id":"https:\/\/cncbarcenas.com\/en\/francisco-barcenas-civil-merit-medal\/#primaryimage"},"thumbnailUrl":"https:\/\/cncbarcenas.com\/wp-content\/uploads\/2025\/10\/francisco-barcenas-civil-merit-medal.jpg","articleSection":["News"],"inLanguage":"en-US","potentialAction":[{"@type":"CommentAction","name":"Comment","target":["https:\/\/cncbarcenas.com\/en\/francisco-barcenas-civil-merit-medal\/#respond"]}]},{"@type":"WebPage","@id":"https:\/\/cncbarcenas.com\/en\/francisco-barcenas-civil-merit-medal\/","url":"https:\/\/cncbarcenas.com\/en\/francisco-barcenas-civil-merit-medal\/","name":"Francisco B\u00e1rcenas, civil merit medal - CNC B\u00e1rcenas","isPartOf":{"@id":"https:\/\/cncbarcenas.com\/en\/#website"},"primaryImageOfPage":{"@id":"https:\/\/cncbarcenas.com\/en\/francisco-barcenas-civil-merit-medal\/#primaryimage"},"image":{"@id":"https:\/\/cncbarcenas.com\/en\/francisco-barcenas-civil-merit-medal\/#primaryimage"},"thumbnailUrl":"https:\/\/cncbarcenas.com\/wp-content\/uploads\/2025\/10\/francisco-barcenas-civil-merit-medal.jpg","datePublished":"2024-06-20T22:00:00+00:00","dateModified":"2025-11-24T13:51:58+00:00","breadcrumb":{"@id":"https:\/\/cncbarcenas.com\/en\/francisco-barcenas-civil-merit-medal\/#breadcrumb"},"inLanguage":"en-US","potentialAction":[{"@type":"ReadAction","target":["https:\/\/cncbarcenas.com\/en\/francisco-barcenas-civil-merit-medal\/"]}]},{"@type":"ImageObject","inLanguage":"en-US","@id":"https:\/\/cncbarcenas.com\/en\/francisco-barcenas-civil-merit-medal\/#primaryimage","url":"https:\/\/cncbarcenas.com\/wp-content\/uploads\/2025\/10\/francisco-barcenas-civil-merit-medal.jpg","contentUrl":"https:\/\/cncbarcenas.com\/wp-content\/uploads\/2025\/10\/francisco-barcenas-civil-merit-medal.jpg","width":720,"height":300,"caption":"francisco barcenas civil merit medal"},{"@type":"BreadcrumbList","@id":"https:\/\/cncbarcenas.com\/en\/francisco-barcenas-civil-merit-medal\/#breadcrumb","itemListElement":[{"@type":"ListItem","position":1,"name":"Inicio \/","item":"https:\/\/cncbarcenas.com\/en\/"},{"@type":"ListItem","position":2,"name":"Francisco B\u00e1rcenas, civil merit medal"}]},{"@type":"WebSite","@id":"https:\/\/cncbarcenas.com\/en\/#website","url":"https:\/\/cncbarcenas.com\/en\/","name":"CNC B\u00e1rcenas","description":"","publisher":{"@id":"https:\/\/cncbarcenas.com\/en\/#organization"},"potentialAction":[{"@type":"SearchAction","target":{"@type":"EntryPoint","urlTemplate":"https:\/\/cncbarcenas.com\/en\/?s={search_term_string}"},"query-input":{"@type":"PropertyValueSpecification","valueRequired":true,"valueName":"search_term_string"}}],"inLanguage":"en-US"},{"@type":"Organization","@id":"https:\/\/cncbarcenas.com\/en\/#organization","name":"CNC B\u00e1rcenas","url":"https:\/\/cncbarcenas.com\/en\/","logo":{"@type":"ImageObject","inLanguage":"en-US","@id":"https:\/\/cncbarcenas.com\/en\/#\/schema\/logo\/image\/","url":"https:\/\/cncbarcenas.com\/wp-content\/uploads\/2023\/12\/1da95f3196cdf76e8c1d1d1eef5db433705eb332.png","contentUrl":"https:\/\/cncbarcenas.com\/wp-content\/uploads\/2023\/12\/1da95f3196cdf76e8c1d1d1eef5db433705eb332.png","width":2000,"height":533,"caption":"CNC B\u00e1rcenas"},"image":{"@id":"https:\/\/cncbarcenas.com\/en\/#\/schema\/logo\/image\/"}},{"@type":"Person","@id":"https:\/\/cncbarcenas.com\/en\/#\/schema\/person\/5428d3aaaf6ca5c1966d89a87981def3","name":"soporte","image":{"@type":"ImageObject","inLanguage":"en-US","@id":"https:\/\/cncbarcenas.com\/en\/#\/schema\/person\/image\/","url":"https:\/\/secure.gravatar.com\/avatar\/5f239f928bfbb035eac46db700ceb85b30db08f4f692f37a91e7ada3e07dd3f7?s=96&d=mm&r=g","contentUrl":"https:\/\/secure.gravatar.com\/avatar\/5f239f928bfbb035eac46db700ceb85b30db08f4f692f37a91e7ada3e07dd3f7?s=96&d=mm&r=g","caption":"soporte"}}]}},"_links":{"self":[{"href":"https:\/\/cncbarcenas.com\/en\/wp-json\/wp\/v2\/posts\/10067","targetHints":{"allow":["GET"]}}],"collection":[{"href":"https:\/\/cncbarcenas.com\/en\/wp-json\/wp\/v2\/posts"}],"about":[{"href":"https:\/\/cncbarcenas.com\/en\/wp-json\/wp\/v2\/types\/post"}],"author":[{"embeddable":true,"href":"https:\/\/cncbarcenas.com\/en\/wp-json\/wp\/v2\/users\/3"}],"replies":[{"embeddable":true,"href":"https:\/\/cncbarcenas.com\/en\/wp-json\/wp\/v2\/comments?post=10067"}],"version-history":[{"count":2,"href":"https:\/\/cncbarcenas.com\/en\/wp-json\/wp\/v2\/posts\/10067\/revisions"}],"predecessor-version":[{"id":12932,"href":"https:\/\/cncbarcenas.com\/en\/wp-json\/wp\/v2\/posts\/10067\/revisions\/12932"}],"wp:featuredmedia":[{"embeddable":true,"href":"https:\/\/cncbarcenas.com\/en\/wp-json\/wp\/v2\/media\/10072"}],"wp:attachment":[{"href":"https:\/\/cncbarcenas.com\/en\/wp-json\/wp\/v2\/media?parent=10067"}],"wp:term":[{"taxonomy":"category","embeddable":true,"href":"https:\/\/cncbarcenas.com\/en\/wp-json\/wp\/v2\/categories?post=10067"},{"taxonomy":"post_tag","embeddable":true,"href":"https:\/\/cncbarcenas.com\/en\/wp-json\/wp\/v2\/tags?post=10067"}],"curies":[{"name":"wp","href":"https:\/\/api.w.org\/{rel}","templated":true}]}}