{"id":9589,"date":"2019-03-04T00:00:00","date_gmt":"2019-03-03T23:00:00","guid":{"rendered":"https:\/\/cncbarcenas.com\/meeting-with-the-minister-of-industry-and-tourism\/"},"modified":"2025-11-25T07:23:24","modified_gmt":"2025-11-25T06:23:24","slug":"meeting-with-the-minister-of-industry-and-tourism","status":"publish","type":"post","link":"https:\/\/cncbarcenas.com\/en\/meeting-with-the-minister-of-industry-and-tourism\/","title":{"rendered":"Meeting with the Minister of Industry and Tourism"},"content":{"rendered":"\n<p><a href=\"https:\/\/www.cncbarcenas.com\">CNC B\u00c1RCENAS<\/a> has participated in the meeting held this morning in Valdepe\u00f1as. The mayor of Valdepe\u00f1as and president of the DO, Jes\u00fas Mart\u00edn, received Monday the Minister of Industry and Tourism, Reyes Maroto, who has held a meeting with a representation of export companies with a diversified production model of the town and that greater Gross Domestic Product (GDP) contribute to the city.<\/p>\n\n\n\n<figure class=\"wp-block-image\"><img fetchpriority=\"high\" decoding=\"async\" width=\"640\" height=\"480\" src=\"https:\/\/cncbarcenas.com\/wp-content\/uploads\/2025\/10\/2309323.jpg\" alt=\"\" class=\"wp-image-5790\"\/><\/figure>\n\n\n\n<figure class=\"wp-block-embed-youtube wp-block-embed is-type-video is-provider-youtube wp-embed-aspect-16-9 wp-has-aspect-ratio\"><div class=\"wp-block-embed__wrapper\">\n<iframe title=\"Encuentro empresarial con la Ministra de Industria y Turismo\" width=\"800\" height=\"450\" src=\"https:\/\/www.youtube.com\/embed\/F_szqYy7K9Y?feature=oembed\" frameborder=\"0\" allow=\"accelerometer; autoplay; clipboard-write; encrypted-media; gyroscope; picture-in-picture; web-share\" referrerpolicy=\"strict-origin-when-cross-origin\" allowfullscreen><\/iframe>\n<\/div><\/figure>\n\n\n\n<p><a rel=\"noreferrer noopener\" href=\"https:\/\/www.elecodevaldepenas.es\/texto-diario\/mostrar\/1344257\/alcalde-ministra-industria-reunen-empresas-exportacion-valdepenas\" target=\"_blank\">LINK TO THE NEWS<\/a><\/p>\n\n\n<p><!--EndFragment--><\/p>\n<p><\/p>","protected":false},"excerpt":{"rendered":"<p>CNC B\u00c1RCENAS has participated in the meeting held this morning in Valdepe\u00f1as. The mayor of Valdepe\u00f1as and president of the DO, Jes\u00fas Mart\u00edn, received Monday the Minister of Industry and Tourism, Reyes Maroto, who has held a meeting with a representation of export companies with a diversified production model of the town and that greater [&hellip;]<\/p>\n","protected":false},"author":3,"featured_media":9591,"comment_status":"open","ping_status":"open","sticky":false,"template":"","format":"standard","meta":{"_acf_changed":false,"footnotes":""},"categories":[106],"tags":[],"class_list":["post-9589","post","type-post","status-publish","format-standard","has-post-thumbnail","hentry","category-news-en"],"acf":[],"yoast_head":"<!-- This site is optimized with the Yoast SEO plugin v27.0 - https:\/\/yoast.com\/product\/yoast-seo-wordpress\/ -->\n<title>Meeting with the Minister of Industry and Tourism - CNC B\u00e1rcenas<\/title>\n<meta name=\"robots\" content=\"index, follow, max-snippet:-1, max-image-preview:large, max-video-preview:-1\" \/>\n<link rel=\"canonical\" href=\"https:\/\/cncbarcenas.com\/en\/meeting-with-the-minister-of-industry-and-tourism\/\" \/>\n<meta property=\"og:locale\" content=\"en_US\" \/>\n<meta property=\"og:type\" content=\"article\" \/>\n<meta property=\"og:title\" content=\"Meeting with the Minister of Industry and Tourism - CNC B\u00e1rcenas\" \/>\n<meta property=\"og:description\" content=\"CNC B\u00c1RCENAS has participated in the meeting held this morning in Valdepe\u00f1as. The mayor of Valdepe\u00f1as and president of the DO, Jes\u00fas Mart\u00edn, received Monday the Minister of Industry and Tourism, Reyes Maroto, who has held a meeting with a representation of export companies with a diversified production model of the town and that greater [&hellip;]\" \/>\n<meta property=\"og:url\" content=\"https:\/\/cncbarcenas.com\/en\/meeting-with-the-minister-of-industry-and-tourism\/\" \/>\n<meta property=\"og:site_name\" content=\"CNC B\u00e1rcenas\" \/>\n<meta property=\"article:published_time\" content=\"2019-03-03T23:00:00+00:00\" \/>\n<meta property=\"article:modified_time\" content=\"2025-11-25T06:23:24+00:00\" \/>\n<meta property=\"og:image\" content=\"https:\/\/cncbarcenas.com\/wp-content\/uploads\/2025\/10\/new-ministerria-industria.jpg\" \/>\n\t<meta property=\"og:image:width\" content=\"720\" \/>\n\t<meta property=\"og:image:height\" content=\"300\" \/>\n\t<meta property=\"og:image:type\" content=\"image\/jpeg\" \/>\n<meta name=\"author\" content=\"soporte\" \/>\n<meta name=\"twitter:card\" content=\"summary_large_image\" \/>\n<meta name=\"twitter:label1\" content=\"Written by\" \/>\n\t<meta name=\"twitter:data1\" content=\"soporte\" \/>\n\t<meta name=\"twitter:label2\" content=\"Est. reading time\" \/>\n\t<meta name=\"twitter:data2\" content=\"1 minute\" \/>\n<script type=\"application\/ld+json\" class=\"yoast-schema-graph\">{\"@context\":\"https:\/\/schema.org\",\"@graph\":[{\"@type\":\"Article\",\"@id\":\"https:\/\/cncbarcenas.com\/en\/meeting-with-the-minister-of-industry-and-tourism\/#article\",\"isPartOf\":{\"@id\":\"https:\/\/cncbarcenas.com\/en\/meeting-with-the-minister-of-industry-and-tourism\/\"},\"author\":{\"name\":\"soporte\",\"@id\":\"https:\/\/cncbarcenas.com\/en\/#\/schema\/person\/5428d3aaaf6ca5c1966d89a87981def3\"},\"headline\":\"Meeting with the Minister of Industry and Tourism\",\"datePublished\":\"2019-03-03T23:00:00+00:00\",\"dateModified\":\"2025-11-25T06:23:24+00:00\",\"mainEntityOfPage\":{\"@id\":\"https:\/\/cncbarcenas.com\/en\/meeting-with-the-minister-of-industry-and-tourism\/\"},\"wordCount\":87,\"commentCount\":0,\"publisher\":{\"@id\":\"https:\/\/cncbarcenas.com\/en\/#organization\"},\"image\":{\"@id\":\"https:\/\/cncbarcenas.com\/en\/meeting-with-the-minister-of-industry-and-tourism\/#primaryimage\"},\"thumbnailUrl\":\"https:\/\/cncbarcenas.com\/wp-content\/uploads\/2025\/10\/new-ministerria-industria.jpg\",\"articleSection\":[\"News\"],\"inLanguage\":\"en-US\",\"potentialAction\":[{\"@type\":\"CommentAction\",\"name\":\"Comment\",\"target\":[\"https:\/\/cncbarcenas.com\/en\/meeting-with-the-minister-of-industry-and-tourism\/#respond\"]}]},{\"@type\":\"WebPage\",\"@id\":\"https:\/\/cncbarcenas.com\/en\/meeting-with-the-minister-of-industry-and-tourism\/\",\"url\":\"https:\/\/cncbarcenas.com\/en\/meeting-with-the-minister-of-industry-and-tourism\/\",\"name\":\"Meeting with the Minister of Industry and Tourism - CNC B\u00e1rcenas\",\"isPartOf\":{\"@id\":\"https:\/\/cncbarcenas.com\/en\/#website\"},\"primaryImageOfPage\":{\"@id\":\"https:\/\/cncbarcenas.com\/en\/meeting-with-the-minister-of-industry-and-tourism\/#primaryimage\"},\"image\":{\"@id\":\"https:\/\/cncbarcenas.com\/en\/meeting-with-the-minister-of-industry-and-tourism\/#primaryimage\"},\"thumbnailUrl\":\"https:\/\/cncbarcenas.com\/wp-content\/uploads\/2025\/10\/new-ministerria-industria.jpg\",\"datePublished\":\"2019-03-03T23:00:00+00:00\",\"dateModified\":\"2025-11-25T06:23:24+00:00\",\"breadcrumb\":{\"@id\":\"https:\/\/cncbarcenas.com\/en\/meeting-with-the-minister-of-industry-and-tourism\/#breadcrumb\"},\"inLanguage\":\"en-US\",\"potentialAction\":[{\"@type\":\"ReadAction\",\"target\":[\"https:\/\/cncbarcenas.com\/en\/meeting-with-the-minister-of-industry-and-tourism\/\"]}]},{\"@type\":\"ImageObject\",\"inLanguage\":\"en-US\",\"@id\":\"https:\/\/cncbarcenas.com\/en\/meeting-with-the-minister-of-industry-and-tourism\/#primaryimage\",\"url\":\"https:\/\/cncbarcenas.com\/wp-content\/uploads\/2025\/10\/new-ministerria-industria.jpg\",\"contentUrl\":\"https:\/\/cncbarcenas.com\/wp-content\/uploads\/2025\/10\/new-ministerria-industria.jpg\",\"width\":720,\"height\":300},{\"@type\":\"BreadcrumbList\",\"@id\":\"https:\/\/cncbarcenas.com\/en\/meeting-with-the-minister-of-industry-and-tourism\/#breadcrumb\",\"itemListElement\":[{\"@type\":\"ListItem\",\"position\":1,\"name\":\"Inicio \/\",\"item\":\"https:\/\/cncbarcenas.com\/en\/\"},{\"@type\":\"ListItem\",\"position\":2,\"name\":\"Meeting with the Minister of Industry and Tourism\"}]},{\"@type\":\"WebSite\",\"@id\":\"https:\/\/cncbarcenas.com\/en\/#website\",\"url\":\"https:\/\/cncbarcenas.com\/en\/\",\"name\":\"CNC B\u00e1rcenas\",\"description\":\"\",\"publisher\":{\"@id\":\"https:\/\/cncbarcenas.com\/en\/#organization\"},\"potentialAction\":[{\"@type\":\"SearchAction\",\"target\":{\"@type\":\"EntryPoint\",\"urlTemplate\":\"https:\/\/cncbarcenas.com\/en\/?s={search_term_string}\"},\"query-input\":{\"@type\":\"PropertyValueSpecification\",\"valueRequired\":true,\"valueName\":\"search_term_string\"}}],\"inLanguage\":\"en-US\"},{\"@type\":\"Organization\",\"@id\":\"https:\/\/cncbarcenas.com\/en\/#organization\",\"name\":\"CNC B\u00e1rcenas\",\"url\":\"https:\/\/cncbarcenas.com\/en\/\",\"logo\":{\"@type\":\"ImageObject\",\"inLanguage\":\"en-US\",\"@id\":\"https:\/\/cncbarcenas.com\/en\/#\/schema\/logo\/image\/\",\"url\":\"https:\/\/cncbarcenas.com\/wp-content\/uploads\/2023\/12\/1da95f3196cdf76e8c1d1d1eef5db433705eb332.png\",\"contentUrl\":\"https:\/\/cncbarcenas.com\/wp-content\/uploads\/2023\/12\/1da95f3196cdf76e8c1d1d1eef5db433705eb332.png\",\"width\":2000,\"height\":533,\"caption\":\"CNC B\u00e1rcenas\"},\"image\":{\"@id\":\"https:\/\/cncbarcenas.com\/en\/#\/schema\/logo\/image\/\"}},{\"@type\":\"Person\",\"@id\":\"https:\/\/cncbarcenas.com\/en\/#\/schema\/person\/5428d3aaaf6ca5c1966d89a87981def3\",\"name\":\"soporte\",\"image\":{\"@type\":\"ImageObject\",\"inLanguage\":\"en-US\",\"@id\":\"https:\/\/cncbarcenas.com\/en\/#\/schema\/person\/image\/\",\"url\":\"https:\/\/secure.gravatar.com\/avatar\/5f239f928bfbb035eac46db700ceb85b30db08f4f692f37a91e7ada3e07dd3f7?s=96&d=mm&r=g\",\"contentUrl\":\"https:\/\/secure.gravatar.com\/avatar\/5f239f928bfbb035eac46db700ceb85b30db08f4f692f37a91e7ada3e07dd3f7?s=96&d=mm&r=g\",\"caption\":\"soporte\"}}]}<\/script>\n<!-- \/ Yoast SEO plugin. -->","yoast_head_json":{"title":"Meeting with the Minister of Industry and Tourism - CNC B\u00e1rcenas","robots":{"index":"index","follow":"follow","max-snippet":"max-snippet:-1","max-image-preview":"max-image-preview:large","max-video-preview":"max-video-preview:-1"},"canonical":"https:\/\/cncbarcenas.com\/en\/meeting-with-the-minister-of-industry-and-tourism\/","og_locale":"en_US","og_type":"article","og_title":"Meeting with the Minister of Industry and Tourism - CNC B\u00e1rcenas","og_description":"CNC B\u00c1RCENAS has participated in the meeting held this morning in Valdepe\u00f1as. The mayor of Valdepe\u00f1as and president of the DO, Jes\u00fas Mart\u00edn, received Monday the Minister of Industry and Tourism, Reyes Maroto, who has held a meeting with a representation of export companies with a diversified production model of the town and that greater [&hellip;]","og_url":"https:\/\/cncbarcenas.com\/en\/meeting-with-the-minister-of-industry-and-tourism\/","og_site_name":"CNC B\u00e1rcenas","article_published_time":"2019-03-03T23:00:00+00:00","article_modified_time":"2025-11-25T06:23:24+00:00","og_image":[{"width":720,"height":300,"url":"https:\/\/cncbarcenas.com\/wp-content\/uploads\/2025\/10\/new-ministerria-industria.jpg","type":"image\/jpeg"}],"author":"soporte","twitter_card":"summary_large_image","twitter_misc":{"Written by":"soporte","Est. reading time":"1 minute"},"schema":{"@context":"https:\/\/schema.org","@graph":[{"@type":"Article","@id":"https:\/\/cncbarcenas.com\/en\/meeting-with-the-minister-of-industry-and-tourism\/#article","isPartOf":{"@id":"https:\/\/cncbarcenas.com\/en\/meeting-with-the-minister-of-industry-and-tourism\/"},"author":{"name":"soporte","@id":"https:\/\/cncbarcenas.com\/en\/#\/schema\/person\/5428d3aaaf6ca5c1966d89a87981def3"},"headline":"Meeting with the Minister of Industry and Tourism","datePublished":"2019-03-03T23:00:00+00:00","dateModified":"2025-11-25T06:23:24+00:00","mainEntityOfPage":{"@id":"https:\/\/cncbarcenas.com\/en\/meeting-with-the-minister-of-industry-and-tourism\/"},"wordCount":87,"commentCount":0,"publisher":{"@id":"https:\/\/cncbarcenas.com\/en\/#organization"},"image":{"@id":"https:\/\/cncbarcenas.com\/en\/meeting-with-the-minister-of-industry-and-tourism\/#primaryimage"},"thumbnailUrl":"https:\/\/cncbarcenas.com\/wp-content\/uploads\/2025\/10\/new-ministerria-industria.jpg","articleSection":["News"],"inLanguage":"en-US","potentialAction":[{"@type":"CommentAction","name":"Comment","target":["https:\/\/cncbarcenas.com\/en\/meeting-with-the-minister-of-industry-and-tourism\/#respond"]}]},{"@type":"WebPage","@id":"https:\/\/cncbarcenas.com\/en\/meeting-with-the-minister-of-industry-and-tourism\/","url":"https:\/\/cncbarcenas.com\/en\/meeting-with-the-minister-of-industry-and-tourism\/","name":"Meeting with the Minister of Industry and Tourism - CNC B\u00e1rcenas","isPartOf":{"@id":"https:\/\/cncbarcenas.com\/en\/#website"},"primaryImageOfPage":{"@id":"https:\/\/cncbarcenas.com\/en\/meeting-with-the-minister-of-industry-and-tourism\/#primaryimage"},"image":{"@id":"https:\/\/cncbarcenas.com\/en\/meeting-with-the-minister-of-industry-and-tourism\/#primaryimage"},"thumbnailUrl":"https:\/\/cncbarcenas.com\/wp-content\/uploads\/2025\/10\/new-ministerria-industria.jpg","datePublished":"2019-03-03T23:00:00+00:00","dateModified":"2025-11-25T06:23:24+00:00","breadcrumb":{"@id":"https:\/\/cncbarcenas.com\/en\/meeting-with-the-minister-of-industry-and-tourism\/#breadcrumb"},"inLanguage":"en-US","potentialAction":[{"@type":"ReadAction","target":["https:\/\/cncbarcenas.com\/en\/meeting-with-the-minister-of-industry-and-tourism\/"]}]},{"@type":"ImageObject","inLanguage":"en-US","@id":"https:\/\/cncbarcenas.com\/en\/meeting-with-the-minister-of-industry-and-tourism\/#primaryimage","url":"https:\/\/cncbarcenas.com\/wp-content\/uploads\/2025\/10\/new-ministerria-industria.jpg","contentUrl":"https:\/\/cncbarcenas.com\/wp-content\/uploads\/2025\/10\/new-ministerria-industria.jpg","width":720,"height":300},{"@type":"BreadcrumbList","@id":"https:\/\/cncbarcenas.com\/en\/meeting-with-the-minister-of-industry-and-tourism\/#breadcrumb","itemListElement":[{"@type":"ListItem","position":1,"name":"Inicio \/","item":"https:\/\/cncbarcenas.com\/en\/"},{"@type":"ListItem","position":2,"name":"Meeting with the Minister of Industry and Tourism"}]},{"@type":"WebSite","@id":"https:\/\/cncbarcenas.com\/en\/#website","url":"https:\/\/cncbarcenas.com\/en\/","name":"CNC B\u00e1rcenas","description":"","publisher":{"@id":"https:\/\/cncbarcenas.com\/en\/#organization"},"potentialAction":[{"@type":"SearchAction","target":{"@type":"EntryPoint","urlTemplate":"https:\/\/cncbarcenas.com\/en\/?s={search_term_string}"},"query-input":{"@type":"PropertyValueSpecification","valueRequired":true,"valueName":"search_term_string"}}],"inLanguage":"en-US"},{"@type":"Organization","@id":"https:\/\/cncbarcenas.com\/en\/#organization","name":"CNC B\u00e1rcenas","url":"https:\/\/cncbarcenas.com\/en\/","logo":{"@type":"ImageObject","inLanguage":"en-US","@id":"https:\/\/cncbarcenas.com\/en\/#\/schema\/logo\/image\/","url":"https:\/\/cncbarcenas.com\/wp-content\/uploads\/2023\/12\/1da95f3196cdf76e8c1d1d1eef5db433705eb332.png","contentUrl":"https:\/\/cncbarcenas.com\/wp-content\/uploads\/2023\/12\/1da95f3196cdf76e8c1d1d1eef5db433705eb332.png","width":2000,"height":533,"caption":"CNC B\u00e1rcenas"},"image":{"@id":"https:\/\/cncbarcenas.com\/en\/#\/schema\/logo\/image\/"}},{"@type":"Person","@id":"https:\/\/cncbarcenas.com\/en\/#\/schema\/person\/5428d3aaaf6ca5c1966d89a87981def3","name":"soporte","image":{"@type":"ImageObject","inLanguage":"en-US","@id":"https:\/\/cncbarcenas.com\/en\/#\/schema\/person\/image\/","url":"https:\/\/secure.gravatar.com\/avatar\/5f239f928bfbb035eac46db700ceb85b30db08f4f692f37a91e7ada3e07dd3f7?s=96&d=mm&r=g","contentUrl":"https:\/\/secure.gravatar.com\/avatar\/5f239f928bfbb035eac46db700ceb85b30db08f4f692f37a91e7ada3e07dd3f7?s=96&d=mm&r=g","caption":"soporte"}}]}},"_links":{"self":[{"href":"https:\/\/cncbarcenas.com\/en\/wp-json\/wp\/v2\/posts\/9589","targetHints":{"allow":["GET"]}}],"collection":[{"href":"https:\/\/cncbarcenas.com\/en\/wp-json\/wp\/v2\/posts"}],"about":[{"href":"https:\/\/cncbarcenas.com\/en\/wp-json\/wp\/v2\/types\/post"}],"author":[{"embeddable":true,"href":"https:\/\/cncbarcenas.com\/en\/wp-json\/wp\/v2\/users\/3"}],"replies":[{"embeddable":true,"href":"https:\/\/cncbarcenas.com\/en\/wp-json\/wp\/v2\/comments?post=9589"}],"version-history":[{"count":2,"href":"https:\/\/cncbarcenas.com\/en\/wp-json\/wp\/v2\/posts\/9589\/revisions"}],"predecessor-version":[{"id":12950,"href":"https:\/\/cncbarcenas.com\/en\/wp-json\/wp\/v2\/posts\/9589\/revisions\/12950"}],"wp:featuredmedia":[{"embeddable":true,"href":"https:\/\/cncbarcenas.com\/en\/wp-json\/wp\/v2\/media\/9591"}],"wp:attachment":[{"href":"https:\/\/cncbarcenas.com\/en\/wp-json\/wp\/v2\/media?parent=9589"}],"wp:term":[{"taxonomy":"category","embeddable":true,"href":"https:\/\/cncbarcenas.com\/en\/wp-json\/wp\/v2\/categories?post=9589"},{"taxonomy":"post_tag","embeddable":true,"href":"https:\/\/cncbarcenas.com\/en\/wp-json\/wp\/v2\/tags?post=9589"}],"curies":[{"name":"wp","href":"https:\/\/api.w.org\/{rel}","templated":true}]}}