{"id":9712,"date":"2020-01-20T00:00:00","date_gmt":"2020-01-19T23:00:00","guid":{"rendered":"https:\/\/cncbarcenas.com\/espacio-reservado-con-jesus-martin-alcalde-de-valdepenas-2\/"},"modified":"2025-11-13T08:32:02","modified_gmt":"2025-11-13T08:32:02","slug":"espacio-reservado-con-jesus-martin-alcalde-de-valdepenas-2","status":"publish","type":"post","link":"https:\/\/cncbarcenas.com\/en\/espacio-reservado-con-jesus-martin-alcalde-de-valdepenas-2\/","title":{"rendered":"Meeting &#8220;Espacio Reservado&#8221; with Jes\u00fas Mart\u00edn, mayor of Valdepe\u00f1as"},"content":{"rendered":"\n<p>On the 17th, our CEO participated in the informative breakfast organized by encastillalamancha.es, which was held at the Veracruz Plaza hotel, in Valdepe\u00f1as, and which has had more than 150 attendees.<\/p>\n\n\n\n<figure class=\"wp-block-image size-large\"><img decoding=\"async\" src=\"https:\/\/cncbarcenas.com\/wp-content\/uploads\/2025\/10\/Espacio_Reservado_Jesus_Martin_20_033-1199x674-1-1024x576-1.jpg\" alt=\"\" class=\"wp-image-6932\"\/><\/figure>\n\n\n\n<p>An event where diverse and very important topics were discussed on technological development, such as the assembly and manufacture of the first drone capable of going around the world thanks to solar energy.<\/p>\n\n\n\n<p>We leave you links to the news as well as photos and video.<\/p>\n\n\n\n<figure class=\"wp-block-embed-youtube wp-block-embed is-type-video is-provider-youtube wp-embed-aspect-16-9 wp-has-aspect-ratio\"><div class=\"wp-block-embed__wrapper\">\n<iframe title=\"Jesu\u0301s Marti\u0301n, alcalde de Valdepe\u00f1as, en el Espacio Reservado de ENCLM\" width=\"800\" height=\"450\" src=\"https:\/\/www.youtube.com\/embed\/9ZC0zXTyvp8?feature=oembed\" frameborder=\"0\" allow=\"accelerometer; autoplay; clipboard-write; encrypted-media; gyroscope; picture-in-picture; web-share\" referrerpolicy=\"strict-origin-when-cross-origin\" allowfullscreen><\/iframe>\n<\/div><\/figure>\n\n\n\n<p><br><a rel=\"noreferrer noopener\" aria-label=\"https:\/\/www.encastillalamancha.es\/economia\/el-primer-avion-no-tripulado-con-energia-solar-del-mundo-se-ensamblara-en-valdepenas\/ (opens in a new tab)\" href=\"https:\/\/www.encastillalamancha.es\/economia\/el-primer-avion-no-tripulado-con-energia-solar-del-mundo-se-ensamblara-en-valdepenas\/\" target=\"_blank\">The world&#8217;s first solar drone will be assembled in valdepe\u00f1as<\/a><\/p>\n\n\n\n<p><a rel=\"noreferrer noopener\" aria-label=\" https:\/\/www.encastillalamancha.es\/espacio-reservado\/todas-las-fotos-del-espacio-reservado-con-jesus-martin-alcalde-de-valdepenas\/#ringtone\/gallery\/galeria1\/81 (opens in a new tab)\" href=\"https:\/\/www.encastillalamancha.es\/espacio-reservado\/todas-las-fotos-del-espacio-reservado-con-jesus-martin-alcalde-de-valdepenas\/#ringtone\/gallery\/galeria1\/81\" target=\"_blank\"> Photos of the event.<\/a><\/p>\n","protected":false},"excerpt":{"rendered":"<p>On the 17th, our CEO participated in the informative breakfast organized by encastillalamancha.es, which was held at the Veracruz Plaza hotel, in Valdepe\u00f1as, and which has had more than 150 attendees. An event where diverse and very important topics were discussed on technological development, such as the assembly and manufacture of the first drone capable [&hellip;]<\/p>\n","protected":false},"author":3,"featured_media":9714,"comment_status":"open","ping_status":"open","sticky":false,"template":"","format":"standard","meta":{"_acf_changed":false,"footnotes":""},"categories":[106,92],"tags":[206,128],"class_list":["post-9712","post","type-post","status-publish","format-standard","has-post-thumbnail","hentry","category-news-en","category-noticia","tag-cnc-barcenas","tag-news"],"acf":[],"yoast_head":"<!-- This site is optimized with the Yoast SEO plugin v27.0 - https:\/\/yoast.com\/product\/yoast-seo-wordpress\/ -->\n<title>Meeting &quot;Espacio Reservado&quot; with Jes\u00fas Mart\u00edn, mayor of Valdepe\u00f1as - CNC B\u00e1rcenas<\/title>\n<meta name=\"robots\" content=\"index, follow, max-snippet:-1, max-image-preview:large, max-video-preview:-1\" \/>\n<link rel=\"canonical\" href=\"https:\/\/cncbarcenas.com\/en\/espacio-reservado-con-jesus-martin-alcalde-de-valdepenas-2\/\" \/>\n<meta property=\"og:locale\" content=\"en_US\" \/>\n<meta property=\"og:type\" content=\"article\" \/>\n<meta property=\"og:title\" content=\"Meeting &quot;Espacio Reservado&quot; with Jes\u00fas Mart\u00edn, mayor of Valdepe\u00f1as - CNC B\u00e1rcenas\" \/>\n<meta property=\"og:description\" content=\"On the 17th, our CEO participated in the informative breakfast organized by encastillalamancha.es, which was held at the Veracruz Plaza hotel, in Valdepe\u00f1as, and which has had more than 150 attendees. An event where diverse and very important topics were discussed on technological development, such as the assembly and manufacture of the first drone capable [&hellip;]\" \/>\n<meta property=\"og:url\" content=\"https:\/\/cncbarcenas.com\/en\/espacio-reservado-con-jesus-martin-alcalde-de-valdepenas-2\/\" \/>\n<meta property=\"og:site_name\" content=\"CNC B\u00e1rcenas\" \/>\n<meta property=\"article:published_time\" content=\"2020-01-19T23:00:00+00:00\" \/>\n<meta property=\"article:modified_time\" content=\"2025-11-13T08:32:02+00:00\" \/>\n<meta property=\"og:image\" content=\"https:\/\/cncbarcenas.com\/wp-content\/uploads\/2025\/10\/meeting.jpg\" \/>\n\t<meta property=\"og:image:width\" content=\"720\" \/>\n\t<meta property=\"og:image:height\" content=\"300\" \/>\n\t<meta property=\"og:image:type\" content=\"image\/jpeg\" \/>\n<meta name=\"author\" content=\"soporte\" \/>\n<meta name=\"twitter:card\" content=\"summary_large_image\" \/>\n<meta name=\"twitter:label1\" content=\"Written by\" \/>\n\t<meta name=\"twitter:data1\" content=\"soporte\" \/>\n\t<meta name=\"twitter:label2\" content=\"Est. reading time\" \/>\n\t<meta name=\"twitter:data2\" content=\"1 minute\" \/>\n<script type=\"application\/ld+json\" class=\"yoast-schema-graph\">{\"@context\":\"https:\/\/schema.org\",\"@graph\":[{\"@type\":\"Article\",\"@id\":\"https:\/\/cncbarcenas.com\/en\/espacio-reservado-con-jesus-martin-alcalde-de-valdepenas-2\/#article\",\"isPartOf\":{\"@id\":\"https:\/\/cncbarcenas.com\/en\/espacio-reservado-con-jesus-martin-alcalde-de-valdepenas-2\/\"},\"author\":{\"name\":\"soporte\",\"@id\":\"https:\/\/cncbarcenas.com\/en\/#\/schema\/person\/5428d3aaaf6ca5c1966d89a87981def3\"},\"headline\":\"Meeting &#8220;Espacio Reservado&#8221; with Jes\u00fas Mart\u00edn, mayor of Valdepe\u00f1as\",\"datePublished\":\"2020-01-19T23:00:00+00:00\",\"dateModified\":\"2025-11-13T08:32:02+00:00\",\"mainEntityOfPage\":{\"@id\":\"https:\/\/cncbarcenas.com\/en\/espacio-reservado-con-jesus-martin-alcalde-de-valdepenas-2\/\"},\"wordCount\":114,\"commentCount\":0,\"publisher\":{\"@id\":\"https:\/\/cncbarcenas.com\/en\/#organization\"},\"image\":{\"@id\":\"https:\/\/cncbarcenas.com\/en\/espacio-reservado-con-jesus-martin-alcalde-de-valdepenas-2\/#primaryimage\"},\"thumbnailUrl\":\"https:\/\/cncbarcenas.com\/wp-content\/uploads\/2025\/10\/meeting.jpg\",\"keywords\":[\"CNC Barcenas\",\"news\"],\"articleSection\":[\"News\",\"Noticia\"],\"inLanguage\":\"en-US\",\"potentialAction\":[{\"@type\":\"CommentAction\",\"name\":\"Comment\",\"target\":[\"https:\/\/cncbarcenas.com\/en\/espacio-reservado-con-jesus-martin-alcalde-de-valdepenas-2\/#respond\"]}]},{\"@type\":\"WebPage\",\"@id\":\"https:\/\/cncbarcenas.com\/en\/espacio-reservado-con-jesus-martin-alcalde-de-valdepenas-2\/\",\"url\":\"https:\/\/cncbarcenas.com\/en\/espacio-reservado-con-jesus-martin-alcalde-de-valdepenas-2\/\",\"name\":\"Meeting \\\"Espacio Reservado\\\" with Jes\u00fas Mart\u00edn, mayor of Valdepe\u00f1as - CNC B\u00e1rcenas\",\"isPartOf\":{\"@id\":\"https:\/\/cncbarcenas.com\/en\/#website\"},\"primaryImageOfPage\":{\"@id\":\"https:\/\/cncbarcenas.com\/en\/espacio-reservado-con-jesus-martin-alcalde-de-valdepenas-2\/#primaryimage\"},\"image\":{\"@id\":\"https:\/\/cncbarcenas.com\/en\/espacio-reservado-con-jesus-martin-alcalde-de-valdepenas-2\/#primaryimage\"},\"thumbnailUrl\":\"https:\/\/cncbarcenas.com\/wp-content\/uploads\/2025\/10\/meeting.jpg\",\"datePublished\":\"2020-01-19T23:00:00+00:00\",\"dateModified\":\"2025-11-13T08:32:02+00:00\",\"breadcrumb\":{\"@id\":\"https:\/\/cncbarcenas.com\/en\/espacio-reservado-con-jesus-martin-alcalde-de-valdepenas-2\/#breadcrumb\"},\"inLanguage\":\"en-US\",\"potentialAction\":[{\"@type\":\"ReadAction\",\"target\":[\"https:\/\/cncbarcenas.com\/en\/espacio-reservado-con-jesus-martin-alcalde-de-valdepenas-2\/\"]}]},{\"@type\":\"ImageObject\",\"inLanguage\":\"en-US\",\"@id\":\"https:\/\/cncbarcenas.com\/en\/espacio-reservado-con-jesus-martin-alcalde-de-valdepenas-2\/#primaryimage\",\"url\":\"https:\/\/cncbarcenas.com\/wp-content\/uploads\/2025\/10\/meeting.jpg\",\"contentUrl\":\"https:\/\/cncbarcenas.com\/wp-content\/uploads\/2025\/10\/meeting.jpg\",\"width\":720,\"height\":300,\"caption\":\"meeting\"},{\"@type\":\"BreadcrumbList\",\"@id\":\"https:\/\/cncbarcenas.com\/en\/espacio-reservado-con-jesus-martin-alcalde-de-valdepenas-2\/#breadcrumb\",\"itemListElement\":[{\"@type\":\"ListItem\",\"position\":1,\"name\":\"Inicio \/\",\"item\":\"https:\/\/cncbarcenas.com\/en\/\"},{\"@type\":\"ListItem\",\"position\":2,\"name\":\"Meeting \u00abEspacio Reservado\u00bb with Jes\u00fas Mart\u00edn, mayor of Valdepe\u00f1as\"}]},{\"@type\":\"WebSite\",\"@id\":\"https:\/\/cncbarcenas.com\/en\/#website\",\"url\":\"https:\/\/cncbarcenas.com\/en\/\",\"name\":\"CNC B\u00e1rcenas\",\"description\":\"\",\"publisher\":{\"@id\":\"https:\/\/cncbarcenas.com\/en\/#organization\"},\"potentialAction\":[{\"@type\":\"SearchAction\",\"target\":{\"@type\":\"EntryPoint\",\"urlTemplate\":\"https:\/\/cncbarcenas.com\/en\/?s={search_term_string}\"},\"query-input\":{\"@type\":\"PropertyValueSpecification\",\"valueRequired\":true,\"valueName\":\"search_term_string\"}}],\"inLanguage\":\"en-US\"},{\"@type\":\"Organization\",\"@id\":\"https:\/\/cncbarcenas.com\/en\/#organization\",\"name\":\"CNC B\u00e1rcenas\",\"url\":\"https:\/\/cncbarcenas.com\/en\/\",\"logo\":{\"@type\":\"ImageObject\",\"inLanguage\":\"en-US\",\"@id\":\"https:\/\/cncbarcenas.com\/en\/#\/schema\/logo\/image\/\",\"url\":\"https:\/\/cncbarcenas.com\/wp-content\/uploads\/2023\/12\/1da95f3196cdf76e8c1d1d1eef5db433705eb332.png\",\"contentUrl\":\"https:\/\/cncbarcenas.com\/wp-content\/uploads\/2023\/12\/1da95f3196cdf76e8c1d1d1eef5db433705eb332.png\",\"width\":2000,\"height\":533,\"caption\":\"CNC B\u00e1rcenas\"},\"image\":{\"@id\":\"https:\/\/cncbarcenas.com\/en\/#\/schema\/logo\/image\/\"}},{\"@type\":\"Person\",\"@id\":\"https:\/\/cncbarcenas.com\/en\/#\/schema\/person\/5428d3aaaf6ca5c1966d89a87981def3\",\"name\":\"soporte\",\"image\":{\"@type\":\"ImageObject\",\"inLanguage\":\"en-US\",\"@id\":\"https:\/\/cncbarcenas.com\/en\/#\/schema\/person\/image\/\",\"url\":\"https:\/\/secure.gravatar.com\/avatar\/5f239f928bfbb035eac46db700ceb85b30db08f4f692f37a91e7ada3e07dd3f7?s=96&d=mm&r=g\",\"contentUrl\":\"https:\/\/secure.gravatar.com\/avatar\/5f239f928bfbb035eac46db700ceb85b30db08f4f692f37a91e7ada3e07dd3f7?s=96&d=mm&r=g\",\"caption\":\"soporte\"}}]}<\/script>\n<!-- \/ Yoast SEO plugin. -->","yoast_head_json":{"title":"Meeting \"Espacio Reservado\" with Jes\u00fas Mart\u00edn, mayor of Valdepe\u00f1as - CNC B\u00e1rcenas","robots":{"index":"index","follow":"follow","max-snippet":"max-snippet:-1","max-image-preview":"max-image-preview:large","max-video-preview":"max-video-preview:-1"},"canonical":"https:\/\/cncbarcenas.com\/en\/espacio-reservado-con-jesus-martin-alcalde-de-valdepenas-2\/","og_locale":"en_US","og_type":"article","og_title":"Meeting \"Espacio Reservado\" with Jes\u00fas Mart\u00edn, mayor of Valdepe\u00f1as - CNC B\u00e1rcenas","og_description":"On the 17th, our CEO participated in the informative breakfast organized by encastillalamancha.es, which was held at the Veracruz Plaza hotel, in Valdepe\u00f1as, and which has had more than 150 attendees. An event where diverse and very important topics were discussed on technological development, such as the assembly and manufacture of the first drone capable [&hellip;]","og_url":"https:\/\/cncbarcenas.com\/en\/espacio-reservado-con-jesus-martin-alcalde-de-valdepenas-2\/","og_site_name":"CNC B\u00e1rcenas","article_published_time":"2020-01-19T23:00:00+00:00","article_modified_time":"2025-11-13T08:32:02+00:00","og_image":[{"width":720,"height":300,"url":"https:\/\/cncbarcenas.com\/wp-content\/uploads\/2025\/10\/meeting.jpg","type":"image\/jpeg"}],"author":"soporte","twitter_card":"summary_large_image","twitter_misc":{"Written by":"soporte","Est. reading time":"1 minute"},"schema":{"@context":"https:\/\/schema.org","@graph":[{"@type":"Article","@id":"https:\/\/cncbarcenas.com\/en\/espacio-reservado-con-jesus-martin-alcalde-de-valdepenas-2\/#article","isPartOf":{"@id":"https:\/\/cncbarcenas.com\/en\/espacio-reservado-con-jesus-martin-alcalde-de-valdepenas-2\/"},"author":{"name":"soporte","@id":"https:\/\/cncbarcenas.com\/en\/#\/schema\/person\/5428d3aaaf6ca5c1966d89a87981def3"},"headline":"Meeting &#8220;Espacio Reservado&#8221; with Jes\u00fas Mart\u00edn, mayor of Valdepe\u00f1as","datePublished":"2020-01-19T23:00:00+00:00","dateModified":"2025-11-13T08:32:02+00:00","mainEntityOfPage":{"@id":"https:\/\/cncbarcenas.com\/en\/espacio-reservado-con-jesus-martin-alcalde-de-valdepenas-2\/"},"wordCount":114,"commentCount":0,"publisher":{"@id":"https:\/\/cncbarcenas.com\/en\/#organization"},"image":{"@id":"https:\/\/cncbarcenas.com\/en\/espacio-reservado-con-jesus-martin-alcalde-de-valdepenas-2\/#primaryimage"},"thumbnailUrl":"https:\/\/cncbarcenas.com\/wp-content\/uploads\/2025\/10\/meeting.jpg","keywords":["CNC Barcenas","news"],"articleSection":["News","Noticia"],"inLanguage":"en-US","potentialAction":[{"@type":"CommentAction","name":"Comment","target":["https:\/\/cncbarcenas.com\/en\/espacio-reservado-con-jesus-martin-alcalde-de-valdepenas-2\/#respond"]}]},{"@type":"WebPage","@id":"https:\/\/cncbarcenas.com\/en\/espacio-reservado-con-jesus-martin-alcalde-de-valdepenas-2\/","url":"https:\/\/cncbarcenas.com\/en\/espacio-reservado-con-jesus-martin-alcalde-de-valdepenas-2\/","name":"Meeting \"Espacio Reservado\" with Jes\u00fas Mart\u00edn, mayor of Valdepe\u00f1as - CNC B\u00e1rcenas","isPartOf":{"@id":"https:\/\/cncbarcenas.com\/en\/#website"},"primaryImageOfPage":{"@id":"https:\/\/cncbarcenas.com\/en\/espacio-reservado-con-jesus-martin-alcalde-de-valdepenas-2\/#primaryimage"},"image":{"@id":"https:\/\/cncbarcenas.com\/en\/espacio-reservado-con-jesus-martin-alcalde-de-valdepenas-2\/#primaryimage"},"thumbnailUrl":"https:\/\/cncbarcenas.com\/wp-content\/uploads\/2025\/10\/meeting.jpg","datePublished":"2020-01-19T23:00:00+00:00","dateModified":"2025-11-13T08:32:02+00:00","breadcrumb":{"@id":"https:\/\/cncbarcenas.com\/en\/espacio-reservado-con-jesus-martin-alcalde-de-valdepenas-2\/#breadcrumb"},"inLanguage":"en-US","potentialAction":[{"@type":"ReadAction","target":["https:\/\/cncbarcenas.com\/en\/espacio-reservado-con-jesus-martin-alcalde-de-valdepenas-2\/"]}]},{"@type":"ImageObject","inLanguage":"en-US","@id":"https:\/\/cncbarcenas.com\/en\/espacio-reservado-con-jesus-martin-alcalde-de-valdepenas-2\/#primaryimage","url":"https:\/\/cncbarcenas.com\/wp-content\/uploads\/2025\/10\/meeting.jpg","contentUrl":"https:\/\/cncbarcenas.com\/wp-content\/uploads\/2025\/10\/meeting.jpg","width":720,"height":300,"caption":"meeting"},{"@type":"BreadcrumbList","@id":"https:\/\/cncbarcenas.com\/en\/espacio-reservado-con-jesus-martin-alcalde-de-valdepenas-2\/#breadcrumb","itemListElement":[{"@type":"ListItem","position":1,"name":"Inicio \/","item":"https:\/\/cncbarcenas.com\/en\/"},{"@type":"ListItem","position":2,"name":"Meeting \u00abEspacio Reservado\u00bb with Jes\u00fas Mart\u00edn, mayor of Valdepe\u00f1as"}]},{"@type":"WebSite","@id":"https:\/\/cncbarcenas.com\/en\/#website","url":"https:\/\/cncbarcenas.com\/en\/","name":"CNC B\u00e1rcenas","description":"","publisher":{"@id":"https:\/\/cncbarcenas.com\/en\/#organization"},"potentialAction":[{"@type":"SearchAction","target":{"@type":"EntryPoint","urlTemplate":"https:\/\/cncbarcenas.com\/en\/?s={search_term_string}"},"query-input":{"@type":"PropertyValueSpecification","valueRequired":true,"valueName":"search_term_string"}}],"inLanguage":"en-US"},{"@type":"Organization","@id":"https:\/\/cncbarcenas.com\/en\/#organization","name":"CNC B\u00e1rcenas","url":"https:\/\/cncbarcenas.com\/en\/","logo":{"@type":"ImageObject","inLanguage":"en-US","@id":"https:\/\/cncbarcenas.com\/en\/#\/schema\/logo\/image\/","url":"https:\/\/cncbarcenas.com\/wp-content\/uploads\/2023\/12\/1da95f3196cdf76e8c1d1d1eef5db433705eb332.png","contentUrl":"https:\/\/cncbarcenas.com\/wp-content\/uploads\/2023\/12\/1da95f3196cdf76e8c1d1d1eef5db433705eb332.png","width":2000,"height":533,"caption":"CNC B\u00e1rcenas"},"image":{"@id":"https:\/\/cncbarcenas.com\/en\/#\/schema\/logo\/image\/"}},{"@type":"Person","@id":"https:\/\/cncbarcenas.com\/en\/#\/schema\/person\/5428d3aaaf6ca5c1966d89a87981def3","name":"soporte","image":{"@type":"ImageObject","inLanguage":"en-US","@id":"https:\/\/cncbarcenas.com\/en\/#\/schema\/person\/image\/","url":"https:\/\/secure.gravatar.com\/avatar\/5f239f928bfbb035eac46db700ceb85b30db08f4f692f37a91e7ada3e07dd3f7?s=96&d=mm&r=g","contentUrl":"https:\/\/secure.gravatar.com\/avatar\/5f239f928bfbb035eac46db700ceb85b30db08f4f692f37a91e7ada3e07dd3f7?s=96&d=mm&r=g","caption":"soporte"}}]}},"_links":{"self":[{"href":"https:\/\/cncbarcenas.com\/en\/wp-json\/wp\/v2\/posts\/9712","targetHints":{"allow":["GET"]}}],"collection":[{"href":"https:\/\/cncbarcenas.com\/en\/wp-json\/wp\/v2\/posts"}],"about":[{"href":"https:\/\/cncbarcenas.com\/en\/wp-json\/wp\/v2\/types\/post"}],"author":[{"embeddable":true,"href":"https:\/\/cncbarcenas.com\/en\/wp-json\/wp\/v2\/users\/3"}],"replies":[{"embeddable":true,"href":"https:\/\/cncbarcenas.com\/en\/wp-json\/wp\/v2\/comments?post=9712"}],"version-history":[{"count":1,"href":"https:\/\/cncbarcenas.com\/en\/wp-json\/wp\/v2\/posts\/9712\/revisions"}],"predecessor-version":[{"id":9713,"href":"https:\/\/cncbarcenas.com\/en\/wp-json\/wp\/v2\/posts\/9712\/revisions\/9713"}],"wp:featuredmedia":[{"embeddable":true,"href":"https:\/\/cncbarcenas.com\/en\/wp-json\/wp\/v2\/media\/9714"}],"wp:attachment":[{"href":"https:\/\/cncbarcenas.com\/en\/wp-json\/wp\/v2\/media?parent=9712"}],"wp:term":[{"taxonomy":"category","embeddable":true,"href":"https:\/\/cncbarcenas.com\/en\/wp-json\/wp\/v2\/categories?post=9712"},{"taxonomy":"post_tag","embeddable":true,"href":"https:\/\/cncbarcenas.com\/en\/wp-json\/wp\/v2\/tags?post=9712"}],"curies":[{"name":"wp","href":"https:\/\/api.w.org\/{rel}","templated":true}]}}